{"id":2844,"date":"2016-04-30T19:02:07","date_gmt":"2016-04-30T19:02:07","guid":{"rendered":"https:\/\/hostalets.ch\/picantones-en-escabeche-con-arbequina\/"},"modified":"2017-08-05T13:19:01","modified_gmt":"2017-08-05T13:19:01","slug":"poulet-a-lescabeche-huile-dolive-extra-vierge-arbequina-bio","status":"publish","type":"post","link":"https:\/\/hostalets.ch\/fr\/poulet-a-lescabeche-huile-dolive-extra-vierge-arbequina-bio\/","title":{"rendered":"PPOULET \u00c0 L\u2019ESCAB\u00c8CHE HUILE D\u2019OLIVE EXTRA VIERGE ARBEQUINA BIO"},"content":{"rendered":"<div class=\"fusion-fullwidth fullwidth-box fusion-builder-row-1 nonhundred-percent-fullwidth non-hundred-percent-height-scrolling\" style=\"--awb-background-position:left top;--awb-border-radius-top-left:0px;--awb-border-radius-top-right:0px;--awb-border-radius-bottom-right:0px;--awb-border-radius-bottom-left:0px;--awb-padding-top:20px;--awb-padding-bottom:20px;--awb-border-sizes-top:0px;--awb-border-sizes-bottom:0px;--awb-flex-wrap:wrap;\" ><div class=\"fusion-builder-row fusion-row\"><div class=\"fusion-layout-column fusion_builder_column fusion-builder-column-0 fusion_builder_column_1_3 1_3 fusion-one-third fusion-column-first\" style=\"--awb-bg-size:cover;width:30.6666%; margin-right: 4%;\"><div class=\"fusion-column-wrapper fusion-flex-column-wrapper-legacy\"><div class=\"fusion-image-element in-legacy-container\" style=\"--awb-caption-title-font-family:var(--h2_typography-font-family);--awb-caption-title-font-weight:var(--h2_typography-font-weight);--awb-caption-title-font-style:var(--h2_typography-font-style);--awb-caption-title-size:var(--h2_typography-font-size);--awb-caption-title-transform:var(--h2_typography-text-transform);--awb-caption-title-line-height:var(--h2_typography-line-height);--awb-caption-title-letter-spacing:var(--h2_typography-letter-spacing);\"><span class=\" fusion-imageframe imageframe-none imageframe-1 hover-type-none\"><img decoding=\"async\" src=\"http:\/\/hostalets.ch\/wp-content\/uploads\/2016\/02\/RAV001_Picantones-en-escabeche-300x201.jpg\" alt class=\"img-responsive\"\/><\/span><\/div><div class=\"fusion-clearfix\"><\/div><\/div><\/div><div class=\"fusion-layout-column fusion_builder_column fusion-builder-column-1 fusion_builder_column_2_3 2_3 fusion-two-third fusion-column-last\" style=\"--awb-bg-size:cover;width:65.3333%;\"><div class=\"fusion-column-wrapper fusion-flex-column-wrapper-legacy\"><div class=\"fusion-title title fusion-title-1 fusion-title-text fusion-title-size-one\"><h1 class=\"fusion-title-heading title-heading-left\" style=\"margin:0;\"><strong>Ingr\u00e9dients pour 4 personnes :<\/strong><\/h1><span class=\"awb-title-spacer\"><\/span><div class=\"title-sep-container\"><div class=\"title-sep sep-double sep-solid\" style=\"border-color:#e0dede;\"><\/div><\/div><\/div><div class=\"fusion-text fusion-text-1\"><ul>\n<li>2 petits poulets.<\/li>\n<li>2 gros oignons.<\/li>\n<li>2 gousses d\u2019ail.<\/li>\n<li>4 carottes<\/li>\n<li>20 ml de Vinaigre de X\u00e9r\u00e8s au Pedro Xim\u00e9nez FH1898<\/li>\n<li>50 ml d\u2019huile d\u2019olive extra vierge Arbequina bio FH 1898.<\/li>\n<li>10 g de persil.<\/li>\n<li>5 g de poivre noir en grains.<\/li>\n<li>2 feuilles de laurier.<\/li>\n<\/ul>\n<\/div><div class=\"fusion-clearfix\"><\/div><\/div><\/div><div class=\"fusion-layout-column fusion_builder_column fusion-builder-column-2 fusion_builder_column_1_1 1_1 fusion-one-full fusion-column-first fusion-column-last\" style=\"--awb-bg-size:cover;\"><div class=\"fusion-column-wrapper fusion-flex-column-wrapper-legacy\"><div class=\"fusion-title title fusion-title-2 fusion-title-text fusion-title-size-one\"><h1 class=\"fusion-title-heading title-heading-left\" style=\"margin:0;\"><p><strong>Pr\u00e9paration :<\/strong><\/p>\n<p><strong>\u00a0<\/strong><\/p><\/h1><span class=\"awb-title-spacer\"><\/span><div class=\"title-sep-container\"><div class=\"title-sep sep-double sep-solid\" style=\"border-color:#e0dede;\"><\/div><\/div><\/div><div class=\"fusion-text fusion-text-2\"><p>Mettre tous les ingr\u00e9dients dans une cocotte : le vinaigre de X\u00e9r\u00e8s au Pedro Xim\u00e9nez FH1898, l\u2019huile d\u2019olive extra vierge Arbequina bio FH1898, les oignons \u00e9minc\u00e9s en fines lamelles, les carottes \u00e9minc\u00e9es, le bouquet de persil, l\u2019ail, les feuilles de laurier, quelques grains de poivre et un peu de sel. Laisser cuire jusqu\u2019\u00e0 ce que la viande soit tendre. Si la viande manque de cuisson et que le jus a \u00e9t\u00e9 absorb\u00e9, ajouter de l\u2019eau chaude jusqu\u2019\u00e0 ce que le rago\u00fbt soit \u00e0 point.<\/p>\n<\/div><div class=\"fusion-clearfix\"><\/div><\/div><\/div><div class=\"fusion-layout-column fusion_builder_column fusion-builder-column-3 fusion_builder_column_1_1 1_1 fusion-one-full fusion-column-first fusion-column-last\" style=\"--awb-bg-size:cover;\"><div class=\"fusion-column-wrapper fusion-flex-column-wrapper-legacy\"><div class=\"fusion-title title fusion-title-3 fusion-title-text fusion-title-size-one\"><h1 class=\"fusion-title-heading title-heading-left\" style=\"margin:0;\"><p><strong>Pr\u00e9sentation :<\/strong><\/p>\n<p><strong>\u00a0<\/strong><\/p><\/h1><span class=\"awb-title-spacer\"><\/span><div class=\"title-sep-container\"><div class=\"title-sep sep-double sep-solid\" style=\"border-color:#e0dede;\"><\/div><\/div><\/div><div class=\"fusion-text fusion-text-3\"><p>Dresser sur un plat blanc avec les oignons et les carottes qui ont servi \u00e0 l\u2019escab\u00e8che. Ajouter un fin filet d\u2019huile d\u2019olive extra vierge Arbequina bio FH1898. Peut se d\u00e9guster aussi bien froid qu\u2019\u00e0 temp\u00e9rature ambiante. Il est possible de pr\u00e9parer le plat quelques jours avant sa consommation.<\/p>\n<\/div><div class=\"fusion-clearfix\"><\/div><\/div><\/div><\/div><\/div>\n","protected":false},"excerpt":{"rendered":"","protected":false},"author":1,"featured_media":637,"comment_status":"open","ping_status":"open","sticky":false,"template":"","format":"standard","meta":{"_exactmetrics_skip_tracking":false,"_exactmetrics_sitenote_active":false,"_exactmetrics_sitenote_note":"","_exactmetrics_sitenote_category":0,"footnotes":""},"categories":[6,133,157],"tags":[],"_links":{"self":[{"href":"https:\/\/hostalets.ch\/fr\/wp-json\/wp\/v2\/posts\/2844"}],"collection":[{"href":"https:\/\/hostalets.ch\/fr\/wp-json\/wp\/v2\/posts"}],"about":[{"href":"https:\/\/hostalets.ch\/fr\/wp-json\/wp\/v2\/types\/post"}],"author":[{"embeddable":true,"href":"https:\/\/hostalets.ch\/fr\/wp-json\/wp\/v2\/users\/1"}],"replies":[{"embeddable":true,"href":"https:\/\/hostalets.ch\/fr\/wp-json\/wp\/v2\/comments?post=2844"}],"version-history":[{"count":2,"href":"https:\/\/hostalets.ch\/fr\/wp-json\/wp\/v2\/posts\/2844\/revisions"}],"predecessor-version":[{"id":2952,"href":"https:\/\/hostalets.ch\/fr\/wp-json\/wp\/v2\/posts\/2844\/revisions\/2952"}],"wp:featuredmedia":[{"embeddable":true,"href":"https:\/\/hostalets.ch\/fr\/wp-json\/wp\/v2\/media\/637"}],"wp:attachment":[{"href":"https:\/\/hostalets.ch\/fr\/wp-json\/wp\/v2\/media?parent=2844"}],"wp:term":[{"taxonomy":"category","embeddable":true,"href":"https:\/\/hostalets.ch\/fr\/wp-json\/wp\/v2\/categories?post=2844"},{"taxonomy":"post_tag","embeddable":true,"href":"https:\/\/hostalets.ch\/fr\/wp-json\/wp\/v2\/tags?post=2844"}],"curies":[{"name":"wp","href":"https:\/\/api.w.org\/{rel}","templated":true}]}}