{"id":2820,"date":"2016-04-30T19:28:49","date_gmt":"2016-04-30T19:28:49","guid":{"rendered":"https:\/\/hostalets.ch\/ajo-blanco-malagueno-con-arbequina\/"},"modified":"2017-08-05T12:49:39","modified_gmt":"2017-08-05T12:49:39","slug":"ail-blanc-malagueno-avec-huile-dolive-extra-vierge-arbequina-bio","status":"publish","type":"post","link":"https:\/\/hostalets.ch\/fr\/ail-blanc-malagueno-avec-huile-dolive-extra-vierge-arbequina-bio\/","title":{"rendered":"AIL BLANC MALAGUE\u00d1O AVEC HUILE D\u2019OLIVE EXTRA VIERGE  ARBEQUINA BIO"},"content":{"rendered":"<div class=\"fusion-fullwidth fullwidth-box fusion-builder-row-1 nonhundred-percent-fullwidth non-hundred-percent-height-scrolling\" style=\"--awb-background-position:left top;--awb-border-radius-top-left:0px;--awb-border-radius-top-right:0px;--awb-border-radius-bottom-right:0px;--awb-border-radius-bottom-left:0px;--awb-padding-top:20px;--awb-padding-bottom:20px;--awb-border-sizes-top:0px;--awb-border-sizes-bottom:0px;--awb-flex-wrap:wrap;\" ><div class=\"fusion-builder-row fusion-row\"><div class=\"fusion-layout-column fusion_builder_column fusion-builder-column-0 fusion_builder_column_1_3 1_3 fusion-one-third fusion-column-first\" style=\"--awb-bg-size:cover;width:30.6666%; margin-right: 4%;\"><div class=\"fusion-column-wrapper fusion-flex-column-wrapper-legacy\"><div class=\"fusion-image-element in-legacy-container\" style=\"--awb-caption-title-font-family:var(--h2_typography-font-family);--awb-caption-title-font-weight:var(--h2_typography-font-weight);--awb-caption-title-font-style:var(--h2_typography-font-style);--awb-caption-title-size:var(--h2_typography-font-size);--awb-caption-title-transform:var(--h2_typography-text-transform);--awb-caption-title-line-height:var(--h2_typography-line-height);--awb-caption-title-letter-spacing:var(--h2_typography-letter-spacing);\"><span class=\" fusion-imageframe imageframe-none imageframe-1 hover-type-none\"><img decoding=\"async\" src=\"http:\/\/hostalets.ch\/wp-content\/uploads\/2016\/02\/RS001_sopa_melon_menta-300x218.jpg\" alt class=\"img-responsive\"\/><\/span><\/div><div class=\"fusion-clearfix\"><\/div><\/div><\/div><div class=\"fusion-layout-column fusion_builder_column fusion-builder-column-1 fusion_builder_column_2_3 2_3 fusion-two-third fusion-column-last\" style=\"--awb-bg-size:cover;width:65.3333%;\"><div class=\"fusion-column-wrapper fusion-flex-column-wrapper-legacy\"><div class=\"fusion-title title fusion-title-1 fusion-title-text fusion-title-size-one\"><h1 class=\"fusion-title-heading title-heading-left\" style=\"margin:0;\">Ingr\u00e9dients pour 4 personnes :<\/h1><span class=\"awb-title-spacer\"><\/span><div class=\"title-sep-container\"><div class=\"title-sep sep-double sep-solid\" style=\"border-color:#e0dede;\"><\/div><\/div><\/div><div class=\"fusion-text fusion-text-1\"><ul>\n<li>450 g de mie de pain.<\/li>\n<li>100 g d\u2019amandes crues pel\u00e9es.<\/li>\n<li>2 gousses d\u2019ail.<\/li>\n<li>1 l. d\u2019eau froide.<\/li>\n<li>100 ml d\u2019huile d\u2019olive extra vierge Arbequina bio FH1898.<\/li>\n<li>10 ml. vinaigre de X\u00e9r\u00e8s au Pedro Xim\u00e9nez FH1898.<\/li>\n<\/ul>\n<\/div><div class=\"fusion-clearfix\"><\/div><\/div><\/div><div class=\"fusion-layout-column fusion_builder_column fusion-builder-column-2 fusion_builder_column_1_1 1_1 fusion-one-full fusion-column-first fusion-column-last\" style=\"--awb-bg-size:cover;\"><div class=\"fusion-column-wrapper fusion-flex-column-wrapper-legacy\"><div class=\"fusion-title title fusion-title-2 fusion-title-text fusion-title-size-one\"><h1 class=\"fusion-title-heading title-heading-left\" style=\"margin:0;\"><strong>Pr\u00e9paration :<\/strong><\/h1><span class=\"awb-title-spacer\"><\/span><div class=\"title-sep-container\"><div class=\"title-sep sep-double sep-solid\" style=\"border-color:#e0dede;\"><\/div><\/div><\/div><div class=\"fusion-text fusion-text-2\"><p><strong>Pour ce plat, il est tr\u00e8s important de bien suivre les instructions pas \u00e0 pas pour que la pr\u00e9paration prenne.<\/strong><\/p>\n<ol>\n<li>Mixer les amandes et l\u2019ail avec un peu de sel.<\/li>\n<li>Ajouter la mie de pain humidifi\u00e9e jusqu\u2019\u00e0 obtention d\u2019une p\u00e2te blanche.<\/li>\n<li>Ajouter l\u2019huile d\u2019olive extra vierge Arbequina bio FH1898 comme s\u2019il s\u2019agissait de la pr\u00e9paration d\u2019une mayonnaise puis verser le vinaigre de X\u00e9r\u00e8s au Pedro Xim\u00e9nez FH1898 et l\u2019eau.<\/li>\n<li>Finalement, passer au chinois et servir froid.<\/li>\n<\/ol>\n<\/div><div class=\"fusion-clearfix\"><\/div><\/div><\/div><div class=\"fusion-layout-column fusion_builder_column fusion-builder-column-3 fusion_builder_column_1_1 1_1 fusion-one-full fusion-column-first fusion-column-last\" style=\"--awb-bg-size:cover;\"><div class=\"fusion-column-wrapper fusion-flex-column-wrapper-legacy\"><div class=\"fusion-title title fusion-title-3 fusion-title-text fusion-title-size-one\"><h1 class=\"fusion-title-heading title-heading-left\" style=\"margin:0;\"><strong>Pr\u00e9sentation :<\/strong><\/h1><span class=\"awb-title-spacer\"><\/span><div class=\"title-sep-container\"><div class=\"title-sep sep-double sep-solid\" style=\"border-color:#e0dede;\"><\/div><\/div><\/div><div class=\"fusion-text fusion-text-3\"><p>Dans une assiette creuse ou une verrine, avec des raisins ou des amandes effil\u00e9es et une brochette de boulettes de melon et de menthe.<\/p>\n<p>Pour parfaire le dressage, ajouter quelques larmes d\u2019huile d\u2019olive extra vierge Arbequina bio et de vinaigre de X\u00e9r\u00e8s au Pedro Xim\u00e9nez FH1898.<\/p>\n<\/div><div class=\"fusion-clearfix\"><\/div><\/div><\/div><div class=\"fusion-layout-column fusion_builder_column fusion-builder-column-4 fusion_builder_column_1_1 1_1 fusion-one-full fusion-column-first fusion-column-last\" style=\"--awb-bg-size:cover;\"><div class=\"fusion-column-wrapper fusion-flex-column-wrapper-legacy\"><div class=\"fusion-clearfix\"><\/div><\/div><\/div><\/div><\/div>\n","protected":false},"excerpt":{"rendered":"","protected":false},"author":1,"featured_media":665,"comment_status":"open","ping_status":"open","sticky":false,"template":"","format":"standard","meta":{"_exactmetrics_skip_tracking":false,"_exactmetrics_sitenote_active":false,"_exactmetrics_sitenote_note":"","_exactmetrics_sitenote_category":0,"footnotes":""},"categories":[6,133,134],"tags":[],"_links":{"self":[{"href":"https:\/\/hostalets.ch\/fr\/wp-json\/wp\/v2\/posts\/2820"}],"collection":[{"href":"https:\/\/hostalets.ch\/fr\/wp-json\/wp\/v2\/posts"}],"about":[{"href":"https:\/\/hostalets.ch\/fr\/wp-json\/wp\/v2\/types\/post"}],"author":[{"embeddable":true,"href":"https:\/\/hostalets.ch\/fr\/wp-json\/wp\/v2\/users\/1"}],"replies":[{"embeddable":true,"href":"https:\/\/hostalets.ch\/fr\/wp-json\/wp\/v2\/comments?post=2820"}],"version-history":[{"count":4,"href":"https:\/\/hostalets.ch\/fr\/wp-json\/wp\/v2\/posts\/2820\/revisions"}],"predecessor-version":[{"id":2938,"href":"https:\/\/hostalets.ch\/fr\/wp-json\/wp\/v2\/posts\/2820\/revisions\/2938"}],"wp:featuredmedia":[{"embeddable":true,"href":"https:\/\/hostalets.ch\/fr\/wp-json\/wp\/v2\/media\/665"}],"wp:attachment":[{"href":"https:\/\/hostalets.ch\/fr\/wp-json\/wp\/v2\/media?parent=2820"}],"wp:term":[{"taxonomy":"category","embeddable":true,"href":"https:\/\/hostalets.ch\/fr\/wp-json\/wp\/v2\/categories?post=2820"},{"taxonomy":"post_tag","embeddable":true,"href":"https:\/\/hostalets.ch\/fr\/wp-json\/wp\/v2\/tags?post=2820"}],"curies":[{"name":"wp","href":"https:\/\/api.w.org\/{rel}","templated":true}]}}